{"id":281,"date":"2008-09-19T19:25:30","date_gmt":"2008-09-19T19:25:30","guid":{"rendered":"http:\/\/www.pauloramalho.com\/?p=281"},"modified":"2020-11-02T15:29:42","modified_gmt":"2020-11-02T13:29:42","slug":"book-mariana","status":"publish","type":"post","link":"https:\/\/www.pauloramalho.com\/es\/book-mariana\/","title":{"rendered":"Book fotogr\u00e1fico Mariana"},"content":{"rendered":"\n<p>Book fotogr\u00e1fico para la modelo Mariana. Sevilla.<\/p>\n\n\n\n<div style=\"height:46px\" aria-hidden=\"true\" class=\"wp-block-spacer\"><\/div>\n\n\n\n<figure class=\"wp-block-gallery columns-1 is-cropped wp-block-gallery-1 is-layout-flex wp-block-gallery-is-layout-flex\"><ul class=\"blocks-gallery-grid\"><li class=\"blocks-gallery-item\"><figure><a href=\"https:\/\/www.pauloramalho.com\/wp-content\/uploads\/2008\/09\/book-fotografico-moda-sevilla-01.jpg\"><img loading=\"lazy\" decoding=\"async\" width=\"2000\" height=\"1339\" src=\"https:\/\/www.pauloramalho.com\/wp-content\/uploads\/2008\/09\/book-fotografico-moda-sevilla-01.jpg\" alt=\"Book fotogr\u00e1fico Moda Sevilla\" data-id=\"471\" class=\"wp-image-471\" srcset=\"https:\/\/www.pauloramalho.com\/wp-content\/uploads\/2008\/09\/book-fotografico-moda-sevilla-01.jpg 2000w, https:\/\/www.pauloramalho.com\/wp-content\/uploads\/2008\/09\/book-fotografico-moda-sevilla-01-800x536.jpg 800w, https:\/\/www.pauloramalho.com\/wp-content\/uploads\/2008\/09\/book-fotografico-moda-sevilla-01-1920x1285.jpg 1920w, https:\/\/www.pauloramalho.com\/wp-content\/uploads\/2008\/09\/book-fotografico-moda-sevilla-01-768x514.jpg 768w, https:\/\/www.pauloramalho.com\/wp-content\/uploads\/2008\/09\/book-fotografico-moda-sevilla-01-1536x1028.jpg 1536w\" sizes=\"auto, (max-width: 2000px) 100vw, 2000px\" \/><\/a><\/figure><\/li><li class=\"blocks-gallery-item\"><figure><a href=\"https:\/\/www.pauloramalho.com\/wp-content\/uploads\/2008\/09\/book-fotografico-moda-sevilla-02.jpg\"><img loading=\"lazy\" decoding=\"async\" width=\"2000\" height=\"1339\" src=\"https:\/\/www.pauloramalho.com\/wp-content\/uploads\/2008\/09\/book-fotografico-moda-sevilla-02.jpg\" alt=\"Book fotogr\u00e1fico Moda Sevilla\" data-id=\"472\" class=\"wp-image-472\" srcset=\"https:\/\/www.pauloramalho.com\/wp-content\/uploads\/2008\/09\/book-fotografico-moda-sevilla-02.jpg 2000w, https:\/\/www.pauloramalho.com\/wp-content\/uploads\/2008\/09\/book-fotografico-moda-sevilla-02-800x536.jpg 800w, https:\/\/www.pauloramalho.com\/wp-content\/uploads\/2008\/09\/book-fotografico-moda-sevilla-02-1920x1285.jpg 1920w, https:\/\/www.pauloramalho.com\/wp-content\/uploads\/2008\/09\/book-fotografico-moda-sevilla-02-768x514.jpg 768w, https:\/\/www.pauloramalho.com\/wp-content\/uploads\/2008\/09\/book-fotografico-moda-sevilla-02-1536x1028.jpg 1536w\" sizes=\"auto, (max-width: 2000px) 100vw, 2000px\" \/><\/a><\/figure><\/li><\/ul><\/figure>\n\n\n\n<figure class=\"wp-block-gallery columns-2 is-cropped wp-block-gallery-2 is-layout-flex wp-block-gallery-is-layout-flex\"><ul class=\"blocks-gallery-grid\"><li class=\"blocks-gallery-item\"><figure><a href=\"https:\/\/www.pauloramalho.com\/wp-content\/uploads\/2008\/09\/book-fotografico-moda-sevilla-04.jpg\"><img loading=\"lazy\" decoding=\"async\" width=\"669\" height=\"1000\" src=\"https:\/\/www.pauloramalho.com\/wp-content\/uploads\/2008\/09\/book-fotografico-moda-sevilla-04.jpg\" alt=\"Book fotogr\u00e1fico Moda Sevilla\" data-id=\"474\" class=\"wp-image-474\" srcset=\"https:\/\/www.pauloramalho.com\/wp-content\/uploads\/2008\/09\/book-fotografico-moda-sevilla-04.jpg 669w, https:\/\/www.pauloramalho.com\/wp-content\/uploads\/2008\/09\/book-fotografico-moda-sevilla-04-535x800.jpg 535w\" sizes=\"auto, (max-width: 669px) 100vw, 669px\" \/><\/a><\/figure><\/li><li class=\"blocks-gallery-item\"><figure><a href=\"https:\/\/www.pauloramalho.com\/wp-content\/uploads\/2008\/09\/book-fotografico-moda-sevilla-03.jpg\"><img loading=\"lazy\" decoding=\"async\" width=\"669\" height=\"1000\" src=\"https:\/\/www.pauloramalho.com\/wp-content\/uploads\/2008\/09\/book-fotografico-moda-sevilla-03.jpg\" alt=\"Book fotogr\u00e1fico Moda Sevilla\" data-id=\"473\" class=\"wp-image-473\" srcset=\"https:\/\/www.pauloramalho.com\/wp-content\/uploads\/2008\/09\/book-fotografico-moda-sevilla-03.jpg 669w, https:\/\/www.pauloramalho.com\/wp-content\/uploads\/2008\/09\/book-fotografico-moda-sevilla-03-535x800.jpg 535w\" sizes=\"auto, (max-width: 669px) 100vw, 669px\" \/><\/a><\/figure><\/li><li class=\"blocks-gallery-item\"><figure><a href=\"https:\/\/www.pauloramalho.com\/wp-content\/uploads\/2008\/09\/book-fotografico-moda-sevilla-10.jpg\"><img loading=\"lazy\" decoding=\"async\" width=\"669\" height=\"1000\" src=\"https:\/\/www.pauloramalho.com\/wp-content\/uploads\/2008\/09\/book-fotografico-moda-sevilla-10.jpg\" alt=\"Book fotogr\u00e1fico Moda Sevilla\" data-id=\"480\" class=\"wp-image-480\" srcset=\"https:\/\/www.pauloramalho.com\/wp-content\/uploads\/2008\/09\/book-fotografico-moda-sevilla-10.jpg 669w, https:\/\/www.pauloramalho.com\/wp-content\/uploads\/2008\/09\/book-fotografico-moda-sevilla-10-535x800.jpg 535w\" sizes=\"auto, (max-width: 669px) 100vw, 669px\" \/><\/a><\/figure><\/li><li class=\"blocks-gallery-item\"><figure><a href=\"https:\/\/www.pauloramalho.com\/wp-content\/uploads\/2008\/09\/book-fotografico-moda-sevilla-09.jpg\"><img loading=\"lazy\" decoding=\"async\" width=\"669\" height=\"1000\" src=\"https:\/\/www.pauloramalho.com\/wp-content\/uploads\/2008\/09\/book-fotografico-moda-sevilla-09.jpg\" alt=\"Book fotogr\u00e1fico Moda Sevilla\" data-id=\"479\" class=\"wp-image-479\" srcset=\"https:\/\/www.pauloramalho.com\/wp-content\/uploads\/2008\/09\/book-fotografico-moda-sevilla-09.jpg 669w, https:\/\/www.pauloramalho.com\/wp-content\/uploads\/2008\/09\/book-fotografico-moda-sevilla-09-535x800.jpg 535w\" sizes=\"auto, (max-width: 669px) 100vw, 669px\" \/><\/a><\/figure><\/li><li class=\"blocks-gallery-item\"><figure><a href=\"https:\/\/www.pauloramalho.com\/wp-content\/uploads\/2008\/09\/book-fotografico-moda-sevilla-08.jpg\"><img loading=\"lazy\" decoding=\"async\" width=\"669\" height=\"1000\" src=\"https:\/\/www.pauloramalho.com\/wp-content\/uploads\/2008\/09\/book-fotografico-moda-sevilla-08.jpg\" alt=\"Book fotogr\u00e1fico Moda Sevilla\" data-id=\"478\" class=\"wp-image-478\" srcset=\"https:\/\/www.pauloramalho.com\/wp-content\/uploads\/2008\/09\/book-fotografico-moda-sevilla-08.jpg 669w, https:\/\/www.pauloramalho.com\/wp-content\/uploads\/2008\/09\/book-fotografico-moda-sevilla-08-535x800.jpg 535w\" sizes=\"auto, (max-width: 669px) 100vw, 669px\" \/><\/a><\/figure><\/li><li class=\"blocks-gallery-item\"><figure><a href=\"https:\/\/www.pauloramalho.com\/wp-content\/uploads\/2008\/09\/book-fotografico-moda-sevilla-07.jpg\"><img loading=\"lazy\" decoding=\"async\" width=\"669\" height=\"1000\" src=\"https:\/\/www.pauloramalho.com\/wp-content\/uploads\/2008\/09\/book-fotografico-moda-sevilla-07.jpg\" alt=\"Book fotogr\u00e1fico Moda Sevilla\" data-id=\"477\" class=\"wp-image-477\" srcset=\"https:\/\/www.pauloramalho.com\/wp-content\/uploads\/2008\/09\/book-fotografico-moda-sevilla-07.jpg 669w, https:\/\/www.pauloramalho.com\/wp-content\/uploads\/2008\/09\/book-fotografico-moda-sevilla-07-535x800.jpg 535w\" sizes=\"auto, (max-width: 669px) 100vw, 669px\" \/><\/a><\/figure><\/li><li class=\"blocks-gallery-item\"><figure><a href=\"https:\/\/www.pauloramalho.com\/wp-content\/uploads\/2008\/09\/book-fotografico-moda-sevilla-06.jpg\"><img loading=\"lazy\" decoding=\"async\" width=\"669\" height=\"1000\" src=\"https:\/\/www.pauloramalho.com\/wp-content\/uploads\/2008\/09\/book-fotografico-moda-sevilla-06.jpg\" alt=\"Book fotogr\u00e1fico Moda Sevilla\" data-id=\"476\" class=\"wp-image-476\" srcset=\"https:\/\/www.pauloramalho.com\/wp-content\/uploads\/2008\/09\/book-fotografico-moda-sevilla-06.jpg 669w, https:\/\/www.pauloramalho.com\/wp-content\/uploads\/2008\/09\/book-fotografico-moda-sevilla-06-535x800.jpg 535w\" sizes=\"auto, (max-width: 669px) 100vw, 669px\" \/><\/a><\/figure><\/li><li class=\"blocks-gallery-item\"><figure><a href=\"https:\/\/www.pauloramalho.com\/wp-content\/uploads\/2008\/09\/book-fotografico-moda-sevilla-05.jpg\"><img loading=\"lazy\" decoding=\"async\" width=\"669\" height=\"1000\" src=\"https:\/\/www.pauloramalho.com\/wp-content\/uploads\/2008\/09\/book-fotografico-moda-sevilla-05.jpg\" alt=\"Book fotogr\u00e1fico Moda Sevilla\" data-id=\"475\" class=\"wp-image-475\" srcset=\"https:\/\/www.pauloramalho.com\/wp-content\/uploads\/2008\/09\/book-fotografico-moda-sevilla-05.jpg 669w, https:\/\/www.pauloramalho.com\/wp-content\/uploads\/2008\/09\/book-fotografico-moda-sevilla-05-535x800.jpg 535w\" sizes=\"auto, (max-width: 669px) 100vw, 669px\" \/><\/a><\/figure><\/li><\/ul><\/figure>\n","protected":false},"excerpt":{"rendered":"<p>Book fotogr\u00e1fico para la modelo Mariana. Sevilla.<\/p>\n","protected":false},"author":1,"featured_media":2599,"comment_status":"open","ping_status":"open","sticky":false,"template":"","format":"standard","meta":{"footnotes":""},"categories":[40],"tags":[],"class_list":["post-281","post","type-post","status-publish","format-standard","has-post-thumbnail","hentry","category-moda-books"],"yoast_head":"<!-- This site is optimized with the Yoast SEO plugin v27.5 - https:\/\/yoast.com\/product\/yoast-seo-wordpress\/ -->\n<title>Book fotogr\u00e1fico Mariana | PAULO RAMALHO Photography<\/title>\n<meta name=\"description\" content=\"Book fotogr\u00e1fico para la modelo Mariana. Sevilla. Fotograf\u00eda de Paulo Ramalho, fotograf\u00eda de moda en Sevilla.\" \/>\n<meta name=\"robots\" content=\"index, follow, max-snippet:-1, max-image-preview:large, max-video-preview:-1\" \/>\n<link rel=\"canonical\" href=\"https:\/\/www.pauloramalho.com\/es\/book-mariana\/\" \/>\n<meta property=\"og:locale\" content=\"es_ES\" \/>\n<meta property=\"og:type\" content=\"article\" \/>\n<meta property=\"og:title\" content=\"Book fotogr\u00e1fico Mariana | PAULO RAMALHO Photography\" \/>\n<meta property=\"og:description\" content=\"Book fotogr\u00e1fico para la modelo Mariana. Sevilla. Fotograf\u00eda de Paulo Ramalho, fotograf\u00eda de moda en Sevilla.\" \/>\n<meta property=\"og:url\" content=\"https:\/\/www.pauloramalho.com\/es\/book-mariana\/\" \/>\n<meta property=\"og:site_name\" content=\"PAULO RAMALHO Photography\" \/>\n<meta property=\"article:publisher\" content=\"https:\/\/www.facebook.com\/pauloramalhophotography\/\" \/>\n<meta property=\"article:published_time\" content=\"2008-09-19T19:25:30+00:00\" \/>\n<meta property=\"article:modified_time\" content=\"2020-11-02T13:29:42+00:00\" \/>\n<meta property=\"og:image\" content=\"https:\/\/www.pauloramalho.com\/wp-content\/uploads\/2008\/09\/book-fotografico-moda-sevilla-07.jpg\" \/>\n\t<meta property=\"og:image:width\" content=\"669\" \/>\n\t<meta property=\"og:image:height\" content=\"1000\" \/>\n\t<meta property=\"og:image:type\" content=\"image\/jpeg\" \/>\n<meta name=\"author\" content=\"Paulo Ramalho\" \/>\n<meta name=\"twitter:card\" content=\"summary_large_image\" \/>\n<meta name=\"twitter:label1\" content=\"Escrito por\" \/>\n\t<meta name=\"twitter:data1\" content=\"Paulo Ramalho\" \/>\n<script type=\"application\/ld+json\" class=\"yoast-schema-graph\">{\"@context\":\"https:\\\/\\\/schema.org\",\"@graph\":[{\"@type\":\"Article\",\"@id\":\"https:\\\/\\\/www.pauloramalho.com\\\/es\\\/book-mariana\\\/#article\",\"isPartOf\":{\"@id\":\"https:\\\/\\\/www.pauloramalho.com\\\/es\\\/book-mariana\\\/\"},\"author\":{\"name\":\"Paulo Ramalho\",\"@id\":\"https:\\\/\\\/www.pauloramalho.com\\\/#\\\/schema\\\/person\\\/8b1d9bed4f1be517c299740316a1a43a\"},\"headline\":\"Book fotogr\u00e1fico Mariana\",\"datePublished\":\"2008-09-19T19:25:30+00:00\",\"dateModified\":\"2020-11-02T13:29:42+00:00\",\"mainEntityOfPage\":{\"@id\":\"https:\\\/\\\/www.pauloramalho.com\\\/es\\\/book-mariana\\\/\"},\"wordCount\":12,\"commentCount\":0,\"publisher\":{\"@id\":\"https:\\\/\\\/www.pauloramalho.com\\\/#organization\"},\"image\":{\"@id\":\"https:\\\/\\\/www.pauloramalho.com\\\/es\\\/book-mariana\\\/#primaryimage\"},\"thumbnailUrl\":\"https:\\\/\\\/www.pauloramalho.com\\\/wp-content\\\/uploads\\\/2008\\\/09\\\/book-fotografico-moda-sevilla-07.jpg\",\"articleSection\":[\"Moda &amp; Books\"],\"inLanguage\":\"es\",\"potentialAction\":[{\"@type\":\"CommentAction\",\"name\":\"Comment\",\"target\":[\"https:\\\/\\\/www.pauloramalho.com\\\/es\\\/book-mariana\\\/#respond\"]}]},{\"@type\":\"WebPage\",\"@id\":\"https:\\\/\\\/www.pauloramalho.com\\\/es\\\/book-mariana\\\/\",\"url\":\"https:\\\/\\\/www.pauloramalho.com\\\/es\\\/book-mariana\\\/\",\"name\":\"Book fotogr\u00e1fico Mariana | PAULO RAMALHO Photography\",\"isPartOf\":{\"@id\":\"https:\\\/\\\/www.pauloramalho.com\\\/#website\"},\"primaryImageOfPage\":{\"@id\":\"https:\\\/\\\/www.pauloramalho.com\\\/es\\\/book-mariana\\\/#primaryimage\"},\"image\":{\"@id\":\"https:\\\/\\\/www.pauloramalho.com\\\/es\\\/book-mariana\\\/#primaryimage\"},\"thumbnailUrl\":\"https:\\\/\\\/www.pauloramalho.com\\\/wp-content\\\/uploads\\\/2008\\\/09\\\/book-fotografico-moda-sevilla-07.jpg\",\"datePublished\":\"2008-09-19T19:25:30+00:00\",\"dateModified\":\"2020-11-02T13:29:42+00:00\",\"description\":\"Book fotogr\u00e1fico para la modelo Mariana. Sevilla. Fotograf\u00eda de Paulo Ramalho, fotograf\u00eda de moda en Sevilla.\",\"breadcrumb\":{\"@id\":\"https:\\\/\\\/www.pauloramalho.com\\\/es\\\/book-mariana\\\/#breadcrumb\"},\"inLanguage\":\"es\",\"potentialAction\":[{\"@type\":\"ReadAction\",\"target\":[\"https:\\\/\\\/www.pauloramalho.com\\\/es\\\/book-mariana\\\/\"]}]},{\"@type\":\"ImageObject\",\"inLanguage\":\"es\",\"@id\":\"https:\\\/\\\/www.pauloramalho.com\\\/es\\\/book-mariana\\\/#primaryimage\",\"url\":\"https:\\\/\\\/www.pauloramalho.com\\\/wp-content\\\/uploads\\\/2008\\\/09\\\/book-fotografico-moda-sevilla-07.jpg\",\"contentUrl\":\"https:\\\/\\\/www.pauloramalho.com\\\/wp-content\\\/uploads\\\/2008\\\/09\\\/book-fotografico-moda-sevilla-07.jpg\",\"width\":669,\"height\":1000},{\"@type\":\"BreadcrumbList\",\"@id\":\"https:\\\/\\\/www.pauloramalho.com\\\/es\\\/book-mariana\\\/#breadcrumb\",\"itemListElement\":[{\"@type\":\"ListItem\",\"position\":1,\"name\":\"Inicio\",\"item\":\"https:\\\/\\\/www.pauloramalho.com\\\/es\\\/\"},{\"@type\":\"ListItem\",\"position\":2,\"name\":\"Moda &amp; Books\",\"item\":\"https:\\\/\\\/www.pauloramalho.com\\\/es\\\/category\\\/moda-books\\\/\"},{\"@type\":\"ListItem\",\"position\":3,\"name\":\"Book fotogr\u00e1fico Mariana\"}]},{\"@type\":\"WebSite\",\"@id\":\"https:\\\/\\\/www.pauloramalho.com\\\/#website\",\"url\":\"https:\\\/\\\/www.pauloramalho.com\\\/\",\"name\":\"PAULO RAMALHO Photography\",\"description\":\"Fotograf\u00eda comercial &amp; reportaje fotogr\u00e1fico\",\"publisher\":{\"@id\":\"https:\\\/\\\/www.pauloramalho.com\\\/#organization\"},\"potentialAction\":[{\"@type\":\"SearchAction\",\"target\":{\"@type\":\"EntryPoint\",\"urlTemplate\":\"https:\\\/\\\/www.pauloramalho.com\\\/?s={search_term_string}\"},\"query-input\":{\"@type\":\"PropertyValueSpecification\",\"valueRequired\":true,\"valueName\":\"search_term_string\"}}],\"inLanguage\":\"es\"},{\"@type\":\"Organization\",\"@id\":\"https:\\\/\\\/www.pauloramalho.com\\\/#organization\",\"name\":\"Paulo Ramalho fotograf\u00eda\",\"url\":\"https:\\\/\\\/www.pauloramalho.com\\\/\",\"logo\":{\"@type\":\"ImageObject\",\"inLanguage\":\"es\",\"@id\":\"https:\\\/\\\/www.pauloramalho.com\\\/#\\\/schema\\\/logo\\\/image\\\/\",\"url\":\"https:\\\/\\\/www.pauloramalho.com\\\/wp-content\\\/uploads\\\/2022\\\/06\\\/logo-paulo-ramalho-photography.png\",\"contentUrl\":\"https:\\\/\\\/www.pauloramalho.com\\\/wp-content\\\/uploads\\\/2022\\\/06\\\/logo-paulo-ramalho-photography.png\",\"width\":531,\"height\":60,\"caption\":\"Paulo Ramalho fotograf\u00eda\"},\"image\":{\"@id\":\"https:\\\/\\\/www.pauloramalho.com\\\/#\\\/schema\\\/logo\\\/image\\\/\"},\"sameAs\":[\"https:\\\/\\\/www.facebook.com\\\/pauloramalhophotography\\\/\",\"https:\\\/\\\/www.instagram.com\\\/pauloramalho_photo\\\/\",\"https:\\\/\\\/www.linkedin.com\\\/in\\\/pauloramalho\\\/\"]},{\"@type\":\"Person\",\"@id\":\"https:\\\/\\\/www.pauloramalho.com\\\/#\\\/schema\\\/person\\\/8b1d9bed4f1be517c299740316a1a43a\",\"name\":\"Paulo Ramalho\",\"image\":{\"@type\":\"ImageObject\",\"inLanguage\":\"es\",\"@id\":\"https:\\\/\\\/secure.gravatar.com\\\/avatar\\\/82e7a093afde1e8b7463b925afeb736fb8b90e85bc1c6f221009df300198b66c?s=96&d=mm&r=g\",\"url\":\"https:\\\/\\\/secure.gravatar.com\\\/avatar\\\/82e7a093afde1e8b7463b925afeb736fb8b90e85bc1c6f221009df300198b66c?s=96&d=mm&r=g\",\"contentUrl\":\"https:\\\/\\\/secure.gravatar.com\\\/avatar\\\/82e7a093afde1e8b7463b925afeb736fb8b90e85bc1c6f221009df300198b66c?s=96&d=mm&r=g\",\"caption\":\"Paulo Ramalho\"},\"sameAs\":[\"https:\\\/\\\/www.pauloramalho.com\"],\"url\":\"https:\\\/\\\/www.pauloramalho.com\\\/es\\\/author\\\/rickramalho\\\/\"}]}<\/script>\n<!-- \/ Yoast SEO plugin. -->","yoast_head_json":{"title":"Book fotogr\u00e1fico Mariana | PAULO RAMALHO Photography","description":"Book fotogr\u00e1fico para la modelo Mariana. Sevilla. Fotograf\u00eda de Paulo Ramalho, fotograf\u00eda de moda en Sevilla.","robots":{"index":"index","follow":"follow","max-snippet":"max-snippet:-1","max-image-preview":"max-image-preview:large","max-video-preview":"max-video-preview:-1"},"canonical":"https:\/\/www.pauloramalho.com\/es\/book-mariana\/","og_locale":"es_ES","og_type":"article","og_title":"Book fotogr\u00e1fico Mariana | PAULO RAMALHO Photography","og_description":"Book fotogr\u00e1fico para la modelo Mariana. Sevilla. Fotograf\u00eda de Paulo Ramalho, fotograf\u00eda de moda en Sevilla.","og_url":"https:\/\/www.pauloramalho.com\/es\/book-mariana\/","og_site_name":"PAULO RAMALHO Photography","article_publisher":"https:\/\/www.facebook.com\/pauloramalhophotography\/","article_published_time":"2008-09-19T19:25:30+00:00","article_modified_time":"2020-11-02T13:29:42+00:00","og_image":[{"width":669,"height":1000,"url":"https:\/\/www.pauloramalho.com\/wp-content\/uploads\/2008\/09\/book-fotografico-moda-sevilla-07.jpg","type":"image\/jpeg"}],"author":"Paulo Ramalho","twitter_card":"summary_large_image","twitter_misc":{"Escrito por":"Paulo Ramalho"},"schema":{"@context":"https:\/\/schema.org","@graph":[{"@type":"Article","@id":"https:\/\/www.pauloramalho.com\/es\/book-mariana\/#article","isPartOf":{"@id":"https:\/\/www.pauloramalho.com\/es\/book-mariana\/"},"author":{"name":"Paulo Ramalho","@id":"https:\/\/www.pauloramalho.com\/#\/schema\/person\/8b1d9bed4f1be517c299740316a1a43a"},"headline":"Book fotogr\u00e1fico Mariana","datePublished":"2008-09-19T19:25:30+00:00","dateModified":"2020-11-02T13:29:42+00:00","mainEntityOfPage":{"@id":"https:\/\/www.pauloramalho.com\/es\/book-mariana\/"},"wordCount":12,"commentCount":0,"publisher":{"@id":"https:\/\/www.pauloramalho.com\/#organization"},"image":{"@id":"https:\/\/www.pauloramalho.com\/es\/book-mariana\/#primaryimage"},"thumbnailUrl":"https:\/\/www.pauloramalho.com\/wp-content\/uploads\/2008\/09\/book-fotografico-moda-sevilla-07.jpg","articleSection":["Moda &amp; Books"],"inLanguage":"es","potentialAction":[{"@type":"CommentAction","name":"Comment","target":["https:\/\/www.pauloramalho.com\/es\/book-mariana\/#respond"]}]},{"@type":"WebPage","@id":"https:\/\/www.pauloramalho.com\/es\/book-mariana\/","url":"https:\/\/www.pauloramalho.com\/es\/book-mariana\/","name":"Book fotogr\u00e1fico Mariana | PAULO RAMALHO Photography","isPartOf":{"@id":"https:\/\/www.pauloramalho.com\/#website"},"primaryImageOfPage":{"@id":"https:\/\/www.pauloramalho.com\/es\/book-mariana\/#primaryimage"},"image":{"@id":"https:\/\/www.pauloramalho.com\/es\/book-mariana\/#primaryimage"},"thumbnailUrl":"https:\/\/www.pauloramalho.com\/wp-content\/uploads\/2008\/09\/book-fotografico-moda-sevilla-07.jpg","datePublished":"2008-09-19T19:25:30+00:00","dateModified":"2020-11-02T13:29:42+00:00","description":"Book fotogr\u00e1fico para la modelo Mariana. Sevilla. Fotograf\u00eda de Paulo Ramalho, fotograf\u00eda de moda en Sevilla.","breadcrumb":{"@id":"https:\/\/www.pauloramalho.com\/es\/book-mariana\/#breadcrumb"},"inLanguage":"es","potentialAction":[{"@type":"ReadAction","target":["https:\/\/www.pauloramalho.com\/es\/book-mariana\/"]}]},{"@type":"ImageObject","inLanguage":"es","@id":"https:\/\/www.pauloramalho.com\/es\/book-mariana\/#primaryimage","url":"https:\/\/www.pauloramalho.com\/wp-content\/uploads\/2008\/09\/book-fotografico-moda-sevilla-07.jpg","contentUrl":"https:\/\/www.pauloramalho.com\/wp-content\/uploads\/2008\/09\/book-fotografico-moda-sevilla-07.jpg","width":669,"height":1000},{"@type":"BreadcrumbList","@id":"https:\/\/www.pauloramalho.com\/es\/book-mariana\/#breadcrumb","itemListElement":[{"@type":"ListItem","position":1,"name":"Inicio","item":"https:\/\/www.pauloramalho.com\/es\/"},{"@type":"ListItem","position":2,"name":"Moda &amp; Books","item":"https:\/\/www.pauloramalho.com\/es\/category\/moda-books\/"},{"@type":"ListItem","position":3,"name":"Book fotogr\u00e1fico Mariana"}]},{"@type":"WebSite","@id":"https:\/\/www.pauloramalho.com\/#website","url":"https:\/\/www.pauloramalho.com\/","name":"PAULO RAMALHO Photography","description":"Fotograf\u00eda comercial &amp; reportaje fotogr\u00e1fico","publisher":{"@id":"https:\/\/www.pauloramalho.com\/#organization"},"potentialAction":[{"@type":"SearchAction","target":{"@type":"EntryPoint","urlTemplate":"https:\/\/www.pauloramalho.com\/?s={search_term_string}"},"query-input":{"@type":"PropertyValueSpecification","valueRequired":true,"valueName":"search_term_string"}}],"inLanguage":"es"},{"@type":"Organization","@id":"https:\/\/www.pauloramalho.com\/#organization","name":"Paulo Ramalho fotograf\u00eda","url":"https:\/\/www.pauloramalho.com\/","logo":{"@type":"ImageObject","inLanguage":"es","@id":"https:\/\/www.pauloramalho.com\/#\/schema\/logo\/image\/","url":"https:\/\/www.pauloramalho.com\/wp-content\/uploads\/2022\/06\/logo-paulo-ramalho-photography.png","contentUrl":"https:\/\/www.pauloramalho.com\/wp-content\/uploads\/2022\/06\/logo-paulo-ramalho-photography.png","width":531,"height":60,"caption":"Paulo Ramalho fotograf\u00eda"},"image":{"@id":"https:\/\/www.pauloramalho.com\/#\/schema\/logo\/image\/"},"sameAs":["https:\/\/www.facebook.com\/pauloramalhophotography\/","https:\/\/www.instagram.com\/pauloramalho_photo\/","https:\/\/www.linkedin.com\/in\/pauloramalho\/"]},{"@type":"Person","@id":"https:\/\/www.pauloramalho.com\/#\/schema\/person\/8b1d9bed4f1be517c299740316a1a43a","name":"Paulo Ramalho","image":{"@type":"ImageObject","inLanguage":"es","@id":"https:\/\/secure.gravatar.com\/avatar\/82e7a093afde1e8b7463b925afeb736fb8b90e85bc1c6f221009df300198b66c?s=96&d=mm&r=g","url":"https:\/\/secure.gravatar.com\/avatar\/82e7a093afde1e8b7463b925afeb736fb8b90e85bc1c6f221009df300198b66c?s=96&d=mm&r=g","contentUrl":"https:\/\/secure.gravatar.com\/avatar\/82e7a093afde1e8b7463b925afeb736fb8b90e85bc1c6f221009df300198b66c?s=96&d=mm&r=g","caption":"Paulo Ramalho"},"sameAs":["https:\/\/www.pauloramalho.com"],"url":"https:\/\/www.pauloramalho.com\/es\/author\/rickramalho\/"}]}},"_links":{"self":[{"href":"https:\/\/www.pauloramalho.com\/es\/wp-json\/wp\/v2\/posts\/281","targetHints":{"allow":["GET"]}}],"collection":[{"href":"https:\/\/www.pauloramalho.com\/es\/wp-json\/wp\/v2\/posts"}],"about":[{"href":"https:\/\/www.pauloramalho.com\/es\/wp-json\/wp\/v2\/types\/post"}],"author":[{"embeddable":true,"href":"https:\/\/www.pauloramalho.com\/es\/wp-json\/wp\/v2\/users\/1"}],"replies":[{"embeddable":true,"href":"https:\/\/www.pauloramalho.com\/es\/wp-json\/wp\/v2\/comments?post=281"}],"version-history":[{"count":1,"href":"https:\/\/www.pauloramalho.com\/es\/wp-json\/wp\/v2\/posts\/281\/revisions"}],"predecessor-version":[{"id":4330,"href":"https:\/\/www.pauloramalho.com\/es\/wp-json\/wp\/v2\/posts\/281\/revisions\/4330"}],"wp:featuredmedia":[{"embeddable":true,"href":"https:\/\/www.pauloramalho.com\/es\/wp-json\/wp\/v2\/media\/2599"}],"wp:attachment":[{"href":"https:\/\/www.pauloramalho.com\/es\/wp-json\/wp\/v2\/media?parent=281"}],"wp:term":[{"taxonomy":"category","embeddable":true,"href":"https:\/\/www.pauloramalho.com\/es\/wp-json\/wp\/v2\/categories?post=281"},{"taxonomy":"post_tag","embeddable":true,"href":"https:\/\/www.pauloramalho.com\/es\/wp-json\/wp\/v2\/tags?post=281"}],"curies":[{"name":"wp","href":"https:\/\/api.w.org\/{rel}","templated":true}]}}