{"id":362,"date":"2015-06-05T11:31:00","date_gmt":"2015-06-05T11:31:00","guid":{"rendered":"http:\/\/www.pauloramalho.com\/?p=362"},"modified":"2020-11-02T14:55:21","modified_gmt":"2020-11-02T12:55:21","slug":"ngri-gri-video-promocional","status":"publish","type":"post","link":"https:\/\/www.pauloramalho.com\/es\/ngri-gri-video-promocional\/","title":{"rendered":"\u00abN&#8217;Gri Gri\u00bb &#8211; Video promocional"},"content":{"rendered":"\n<p>No, no quiero ser vide\u00f3grafo, pero no pude dejar de decir que s\u00ed a este recto. Hacer un v\u00eddeo para mi querida <strong>Silvia Rold\u00e1n<\/strong> de su grupo de m\u00fasica y danza africana N&#8217;Gri Gri. Fui con una D600 (gracias <strong>Gabriel Navas<\/strong>) y alg\u00fan equipo para el Jard\u00edn Americano en Sevilla.<br><br>Tiempo y luz escasos, pocos planos pero con la ayuda de mi amigo <strong>Sergio Flores<\/strong> conseguimos montar un video con buenos momentos. Gracias tambi\u00e9n a <strong>Victor Gracia<\/strong> por las fotos de Making Of. Experiencia bonita.<\/p>\n\n\n\n<div style=\"height:51px\" aria-hidden=\"true\" class=\"wp-block-spacer\"><\/div>\n\n\n\n<figure class=\"wp-block-video\"><video controls poster=\"https:\/\/www.pauloramalho.com\/wp-content\/uploads\/2015\/06\/pauloramalho-0615-2.jpg\" src=\"https:\/\/www.pauloramalho.com\/wp-content\/uploads\/2015\/06\/Video-N-Gri-Gri.mp4\"><\/video><\/figure>\n\n\n\n<p style=\"font-size:14px\"><em>Camara y direci\u00f3n &#8211; Paulo Ramalho<br>Montaje &#8211; Sergio Flores<br>Photos Making Of &#8211; Victor Gracia<\/em><\/p>\n","protected":false},"excerpt":{"rendered":"<p>No, no quiero ser vide\u00f3grafo, pero no pude dejar de decir que s\u00ed a este recto. Hacer un v\u00eddeo para mi querida Silvia Rold\u00e1n de su grupo de m\u00fasica y danza africana N&#8217;Gri Gri. Fui con una D600 (gracias Gabriel Navas) y alg\u00fan equipo para el Jard\u00edn Americano en Sevilla. Tiempo y luz escasos, pocos [&hellip;]<\/p>\n","protected":false},"author":1,"featured_media":519,"comment_status":"closed","ping_status":"closed","sticky":false,"template":"","format":"standard","meta":{"footnotes":""},"categories":[47],"tags":[],"class_list":["post-362","post","type-post","status-publish","format-standard","has-post-thumbnail","hentry","category-videos-es"],"yoast_head":"<!-- This site is optimized with the Yoast SEO plugin v27.5 - https:\/\/yoast.com\/product\/yoast-seo-wordpress\/ -->\n<title>&quot;N&#039;Gri Gri&quot; - Video promocional | PAULO RAMALHO Photography<\/title>\n<meta name=\"robots\" content=\"index, follow, max-snippet:-1, max-image-preview:large, max-video-preview:-1\" \/>\n<link rel=\"canonical\" href=\"https:\/\/www.pauloramalho.com\/es\/ngri-gri-video-promocional\/\" \/>\n<meta property=\"og:locale\" content=\"es_ES\" \/>\n<meta property=\"og:type\" content=\"article\" \/>\n<meta property=\"og:title\" content=\"&quot;N&#039;Gri Gri&quot; - Video promocional | PAULO RAMALHO Photography\" \/>\n<meta property=\"og:description\" content=\"No, no quiero ser vide\u00f3grafo, pero no pude dejar de decir que s\u00ed a este recto. Hacer un v\u00eddeo para mi querida Silvia Rold\u00e1n de su grupo de m\u00fasica y danza africana N&#8217;Gri Gri. Fui con una D600 (gracias Gabriel Navas) y alg\u00fan equipo para el Jard\u00edn Americano en Sevilla. Tiempo y luz escasos, pocos [&hellip;]\" \/>\n<meta property=\"og:url\" content=\"https:\/\/www.pauloramalho.com\/es\/ngri-gri-video-promocional\/\" \/>\n<meta property=\"og:site_name\" content=\"PAULO RAMALHO Photography\" \/>\n<meta property=\"article:publisher\" content=\"https:\/\/www.facebook.com\/pauloramalhophotography\/\" \/>\n<meta property=\"article:published_time\" content=\"2015-06-05T11:31:00+00:00\" \/>\n<meta property=\"article:modified_time\" content=\"2020-11-02T12:55:21+00:00\" \/>\n<meta property=\"og:image\" content=\"https:\/\/www.pauloramalho.com\/wp-content\/uploads\/2015\/06\/pauloramalho-0615-2.jpg\" \/>\n\t<meta property=\"og:image:width\" content=\"2000\" \/>\n\t<meta property=\"og:image:height\" content=\"1125\" \/>\n\t<meta property=\"og:image:type\" content=\"image\/jpeg\" \/>\n<meta name=\"author\" content=\"Paulo Ramalho\" \/>\n<meta name=\"twitter:card\" content=\"summary_large_image\" \/>\n<meta name=\"twitter:label1\" content=\"Escrito por\" \/>\n\t<meta name=\"twitter:data1\" content=\"Paulo Ramalho\" \/>\n\t<meta name=\"twitter:label2\" content=\"Tiempo de lectura\" \/>\n\t<meta name=\"twitter:data2\" content=\"1 minuto\" \/>\n<script type=\"application\/ld+json\" class=\"yoast-schema-graph\">{\"@context\":\"https:\\\/\\\/schema.org\",\"@graph\":[{\"@type\":\"Article\",\"@id\":\"https:\\\/\\\/www.pauloramalho.com\\\/es\\\/ngri-gri-video-promocional\\\/#article\",\"isPartOf\":{\"@id\":\"https:\\\/\\\/www.pauloramalho.com\\\/es\\\/ngri-gri-video-promocional\\\/\"},\"author\":{\"name\":\"Paulo Ramalho\",\"@id\":\"https:\\\/\\\/www.pauloramalho.com\\\/#\\\/schema\\\/person\\\/8b1d9bed4f1be517c299740316a1a43a\"},\"headline\":\"\u00abN&#8217;Gri Gri\u00bb &#8211; Video promocional\",\"datePublished\":\"2015-06-05T11:31:00+00:00\",\"dateModified\":\"2020-11-02T12:55:21+00:00\",\"mainEntityOfPage\":{\"@id\":\"https:\\\/\\\/www.pauloramalho.com\\\/es\\\/ngri-gri-video-promocional\\\/\"},\"wordCount\":114,\"publisher\":{\"@id\":\"https:\\\/\\\/www.pauloramalho.com\\\/#organization\"},\"image\":{\"@id\":\"https:\\\/\\\/www.pauloramalho.com\\\/es\\\/ngri-gri-video-promocional\\\/#primaryimage\"},\"thumbnailUrl\":\"https:\\\/\\\/www.pauloramalho.com\\\/wp-content\\\/uploads\\\/2015\\\/06\\\/pauloramalho-0615-2.jpg\",\"articleSection\":[\"Videos\"],\"inLanguage\":\"es\"},{\"@type\":\"WebPage\",\"@id\":\"https:\\\/\\\/www.pauloramalho.com\\\/es\\\/ngri-gri-video-promocional\\\/\",\"url\":\"https:\\\/\\\/www.pauloramalho.com\\\/es\\\/ngri-gri-video-promocional\\\/\",\"name\":\"\\\"N'Gri Gri\\\" - Video promocional | PAULO RAMALHO Photography\",\"isPartOf\":{\"@id\":\"https:\\\/\\\/www.pauloramalho.com\\\/#website\"},\"primaryImageOfPage\":{\"@id\":\"https:\\\/\\\/www.pauloramalho.com\\\/es\\\/ngri-gri-video-promocional\\\/#primaryimage\"},\"image\":{\"@id\":\"https:\\\/\\\/www.pauloramalho.com\\\/es\\\/ngri-gri-video-promocional\\\/#primaryimage\"},\"thumbnailUrl\":\"https:\\\/\\\/www.pauloramalho.com\\\/wp-content\\\/uploads\\\/2015\\\/06\\\/pauloramalho-0615-2.jpg\",\"datePublished\":\"2015-06-05T11:31:00+00:00\",\"dateModified\":\"2020-11-02T12:55:21+00:00\",\"breadcrumb\":{\"@id\":\"https:\\\/\\\/www.pauloramalho.com\\\/es\\\/ngri-gri-video-promocional\\\/#breadcrumb\"},\"inLanguage\":\"es\",\"potentialAction\":[{\"@type\":\"ReadAction\",\"target\":[\"https:\\\/\\\/www.pauloramalho.com\\\/es\\\/ngri-gri-video-promocional\\\/\"]}]},{\"@type\":\"ImageObject\",\"inLanguage\":\"es\",\"@id\":\"https:\\\/\\\/www.pauloramalho.com\\\/es\\\/ngri-gri-video-promocional\\\/#primaryimage\",\"url\":\"https:\\\/\\\/www.pauloramalho.com\\\/wp-content\\\/uploads\\\/2015\\\/06\\\/pauloramalho-0615-2.jpg\",\"contentUrl\":\"https:\\\/\\\/www.pauloramalho.com\\\/wp-content\\\/uploads\\\/2015\\\/06\\\/pauloramalho-0615-2.jpg\",\"width\":2000,\"height\":1125},{\"@type\":\"BreadcrumbList\",\"@id\":\"https:\\\/\\\/www.pauloramalho.com\\\/es\\\/ngri-gri-video-promocional\\\/#breadcrumb\",\"itemListElement\":[{\"@type\":\"ListItem\",\"position\":1,\"name\":\"Inicio\",\"item\":\"https:\\\/\\\/www.pauloramalho.com\\\/es\\\/\"},{\"@type\":\"ListItem\",\"position\":2,\"name\":\"Videos\",\"item\":\"https:\\\/\\\/www.pauloramalho.com\\\/category\\\/videos\\\/\"},{\"@type\":\"ListItem\",\"position\":3,\"name\":\"\u00abN&#8217;Gri Gri\u00bb &#8211; Video promocional\"}]},{\"@type\":\"WebSite\",\"@id\":\"https:\\\/\\\/www.pauloramalho.com\\\/#website\",\"url\":\"https:\\\/\\\/www.pauloramalho.com\\\/\",\"name\":\"PAULO RAMALHO Photography\",\"description\":\"Fotograf\u00eda comercial &amp; reportaje fotogr\u00e1fico\",\"publisher\":{\"@id\":\"https:\\\/\\\/www.pauloramalho.com\\\/#organization\"},\"potentialAction\":[{\"@type\":\"SearchAction\",\"target\":{\"@type\":\"EntryPoint\",\"urlTemplate\":\"https:\\\/\\\/www.pauloramalho.com\\\/?s={search_term_string}\"},\"query-input\":{\"@type\":\"PropertyValueSpecification\",\"valueRequired\":true,\"valueName\":\"search_term_string\"}}],\"inLanguage\":\"es\"},{\"@type\":\"Organization\",\"@id\":\"https:\\\/\\\/www.pauloramalho.com\\\/#organization\",\"name\":\"Paulo Ramalho fotograf\u00eda\",\"url\":\"https:\\\/\\\/www.pauloramalho.com\\\/\",\"logo\":{\"@type\":\"ImageObject\",\"inLanguage\":\"es\",\"@id\":\"https:\\\/\\\/www.pauloramalho.com\\\/#\\\/schema\\\/logo\\\/image\\\/\",\"url\":\"https:\\\/\\\/www.pauloramalho.com\\\/wp-content\\\/uploads\\\/2022\\\/06\\\/logo-paulo-ramalho-photography.png\",\"contentUrl\":\"https:\\\/\\\/www.pauloramalho.com\\\/wp-content\\\/uploads\\\/2022\\\/06\\\/logo-paulo-ramalho-photography.png\",\"width\":531,\"height\":60,\"caption\":\"Paulo Ramalho fotograf\u00eda\"},\"image\":{\"@id\":\"https:\\\/\\\/www.pauloramalho.com\\\/#\\\/schema\\\/logo\\\/image\\\/\"},\"sameAs\":[\"https:\\\/\\\/www.facebook.com\\\/pauloramalhophotography\\\/\",\"https:\\\/\\\/www.instagram.com\\\/pauloramalho_photo\\\/\",\"https:\\\/\\\/www.linkedin.com\\\/in\\\/pauloramalho\\\/\"]},{\"@type\":\"Person\",\"@id\":\"https:\\\/\\\/www.pauloramalho.com\\\/#\\\/schema\\\/person\\\/8b1d9bed4f1be517c299740316a1a43a\",\"name\":\"Paulo Ramalho\",\"image\":{\"@type\":\"ImageObject\",\"inLanguage\":\"es\",\"@id\":\"https:\\\/\\\/secure.gravatar.com\\\/avatar\\\/82e7a093afde1e8b7463b925afeb736fb8b90e85bc1c6f221009df300198b66c?s=96&d=mm&r=g\",\"url\":\"https:\\\/\\\/secure.gravatar.com\\\/avatar\\\/82e7a093afde1e8b7463b925afeb736fb8b90e85bc1c6f221009df300198b66c?s=96&d=mm&r=g\",\"contentUrl\":\"https:\\\/\\\/secure.gravatar.com\\\/avatar\\\/82e7a093afde1e8b7463b925afeb736fb8b90e85bc1c6f221009df300198b66c?s=96&d=mm&r=g\",\"caption\":\"Paulo Ramalho\"},\"sameAs\":[\"https:\\\/\\\/www.pauloramalho.com\"],\"url\":\"https:\\\/\\\/www.pauloramalho.com\\\/es\\\/author\\\/rickramalho\\\/\"}]}<\/script>\n<!-- \/ Yoast SEO plugin. -->","yoast_head_json":{"title":"\"N'Gri Gri\" - Video promocional | PAULO RAMALHO Photography","robots":{"index":"index","follow":"follow","max-snippet":"max-snippet:-1","max-image-preview":"max-image-preview:large","max-video-preview":"max-video-preview:-1"},"canonical":"https:\/\/www.pauloramalho.com\/es\/ngri-gri-video-promocional\/","og_locale":"es_ES","og_type":"article","og_title":"\"N'Gri Gri\" - Video promocional | PAULO RAMALHO Photography","og_description":"No, no quiero ser vide\u00f3grafo, pero no pude dejar de decir que s\u00ed a este recto. Hacer un v\u00eddeo para mi querida Silvia Rold\u00e1n de su grupo de m\u00fasica y danza africana N&#8217;Gri Gri. Fui con una D600 (gracias Gabriel Navas) y alg\u00fan equipo para el Jard\u00edn Americano en Sevilla. Tiempo y luz escasos, pocos [&hellip;]","og_url":"https:\/\/www.pauloramalho.com\/es\/ngri-gri-video-promocional\/","og_site_name":"PAULO RAMALHO Photography","article_publisher":"https:\/\/www.facebook.com\/pauloramalhophotography\/","article_published_time":"2015-06-05T11:31:00+00:00","article_modified_time":"2020-11-02T12:55:21+00:00","og_image":[{"width":2000,"height":1125,"url":"https:\/\/www.pauloramalho.com\/wp-content\/uploads\/2015\/06\/pauloramalho-0615-2.jpg","type":"image\/jpeg"}],"author":"Paulo Ramalho","twitter_card":"summary_large_image","twitter_misc":{"Escrito por":"Paulo Ramalho","Tiempo de lectura":"1 minuto"},"schema":{"@context":"https:\/\/schema.org","@graph":[{"@type":"Article","@id":"https:\/\/www.pauloramalho.com\/es\/ngri-gri-video-promocional\/#article","isPartOf":{"@id":"https:\/\/www.pauloramalho.com\/es\/ngri-gri-video-promocional\/"},"author":{"name":"Paulo Ramalho","@id":"https:\/\/www.pauloramalho.com\/#\/schema\/person\/8b1d9bed4f1be517c299740316a1a43a"},"headline":"\u00abN&#8217;Gri Gri\u00bb &#8211; Video promocional","datePublished":"2015-06-05T11:31:00+00:00","dateModified":"2020-11-02T12:55:21+00:00","mainEntityOfPage":{"@id":"https:\/\/www.pauloramalho.com\/es\/ngri-gri-video-promocional\/"},"wordCount":114,"publisher":{"@id":"https:\/\/www.pauloramalho.com\/#organization"},"image":{"@id":"https:\/\/www.pauloramalho.com\/es\/ngri-gri-video-promocional\/#primaryimage"},"thumbnailUrl":"https:\/\/www.pauloramalho.com\/wp-content\/uploads\/2015\/06\/pauloramalho-0615-2.jpg","articleSection":["Videos"],"inLanguage":"es"},{"@type":"WebPage","@id":"https:\/\/www.pauloramalho.com\/es\/ngri-gri-video-promocional\/","url":"https:\/\/www.pauloramalho.com\/es\/ngri-gri-video-promocional\/","name":"\"N'Gri Gri\" - Video promocional | PAULO RAMALHO Photography","isPartOf":{"@id":"https:\/\/www.pauloramalho.com\/#website"},"primaryImageOfPage":{"@id":"https:\/\/www.pauloramalho.com\/es\/ngri-gri-video-promocional\/#primaryimage"},"image":{"@id":"https:\/\/www.pauloramalho.com\/es\/ngri-gri-video-promocional\/#primaryimage"},"thumbnailUrl":"https:\/\/www.pauloramalho.com\/wp-content\/uploads\/2015\/06\/pauloramalho-0615-2.jpg","datePublished":"2015-06-05T11:31:00+00:00","dateModified":"2020-11-02T12:55:21+00:00","breadcrumb":{"@id":"https:\/\/www.pauloramalho.com\/es\/ngri-gri-video-promocional\/#breadcrumb"},"inLanguage":"es","potentialAction":[{"@type":"ReadAction","target":["https:\/\/www.pauloramalho.com\/es\/ngri-gri-video-promocional\/"]}]},{"@type":"ImageObject","inLanguage":"es","@id":"https:\/\/www.pauloramalho.com\/es\/ngri-gri-video-promocional\/#primaryimage","url":"https:\/\/www.pauloramalho.com\/wp-content\/uploads\/2015\/06\/pauloramalho-0615-2.jpg","contentUrl":"https:\/\/www.pauloramalho.com\/wp-content\/uploads\/2015\/06\/pauloramalho-0615-2.jpg","width":2000,"height":1125},{"@type":"BreadcrumbList","@id":"https:\/\/www.pauloramalho.com\/es\/ngri-gri-video-promocional\/#breadcrumb","itemListElement":[{"@type":"ListItem","position":1,"name":"Inicio","item":"https:\/\/www.pauloramalho.com\/es\/"},{"@type":"ListItem","position":2,"name":"Videos","item":"https:\/\/www.pauloramalho.com\/category\/videos\/"},{"@type":"ListItem","position":3,"name":"\u00abN&#8217;Gri Gri\u00bb &#8211; Video promocional"}]},{"@type":"WebSite","@id":"https:\/\/www.pauloramalho.com\/#website","url":"https:\/\/www.pauloramalho.com\/","name":"PAULO RAMALHO Photography","description":"Fotograf\u00eda comercial &amp; reportaje fotogr\u00e1fico","publisher":{"@id":"https:\/\/www.pauloramalho.com\/#organization"},"potentialAction":[{"@type":"SearchAction","target":{"@type":"EntryPoint","urlTemplate":"https:\/\/www.pauloramalho.com\/?s={search_term_string}"},"query-input":{"@type":"PropertyValueSpecification","valueRequired":true,"valueName":"search_term_string"}}],"inLanguage":"es"},{"@type":"Organization","@id":"https:\/\/www.pauloramalho.com\/#organization","name":"Paulo Ramalho fotograf\u00eda","url":"https:\/\/www.pauloramalho.com\/","logo":{"@type":"ImageObject","inLanguage":"es","@id":"https:\/\/www.pauloramalho.com\/#\/schema\/logo\/image\/","url":"https:\/\/www.pauloramalho.com\/wp-content\/uploads\/2022\/06\/logo-paulo-ramalho-photography.png","contentUrl":"https:\/\/www.pauloramalho.com\/wp-content\/uploads\/2022\/06\/logo-paulo-ramalho-photography.png","width":531,"height":60,"caption":"Paulo Ramalho fotograf\u00eda"},"image":{"@id":"https:\/\/www.pauloramalho.com\/#\/schema\/logo\/image\/"},"sameAs":["https:\/\/www.facebook.com\/pauloramalhophotography\/","https:\/\/www.instagram.com\/pauloramalho_photo\/","https:\/\/www.linkedin.com\/in\/pauloramalho\/"]},{"@type":"Person","@id":"https:\/\/www.pauloramalho.com\/#\/schema\/person\/8b1d9bed4f1be517c299740316a1a43a","name":"Paulo Ramalho","image":{"@type":"ImageObject","inLanguage":"es","@id":"https:\/\/secure.gravatar.com\/avatar\/82e7a093afde1e8b7463b925afeb736fb8b90e85bc1c6f221009df300198b66c?s=96&d=mm&r=g","url":"https:\/\/secure.gravatar.com\/avatar\/82e7a093afde1e8b7463b925afeb736fb8b90e85bc1c6f221009df300198b66c?s=96&d=mm&r=g","contentUrl":"https:\/\/secure.gravatar.com\/avatar\/82e7a093afde1e8b7463b925afeb736fb8b90e85bc1c6f221009df300198b66c?s=96&d=mm&r=g","caption":"Paulo Ramalho"},"sameAs":["https:\/\/www.pauloramalho.com"],"url":"https:\/\/www.pauloramalho.com\/es\/author\/rickramalho\/"}]}},"_links":{"self":[{"href":"https:\/\/www.pauloramalho.com\/es\/wp-json\/wp\/v2\/posts\/362","targetHints":{"allow":["GET"]}}],"collection":[{"href":"https:\/\/www.pauloramalho.com\/es\/wp-json\/wp\/v2\/posts"}],"about":[{"href":"https:\/\/www.pauloramalho.com\/es\/wp-json\/wp\/v2\/types\/post"}],"author":[{"embeddable":true,"href":"https:\/\/www.pauloramalho.com\/es\/wp-json\/wp\/v2\/users\/1"}],"replies":[{"embeddable":true,"href":"https:\/\/www.pauloramalho.com\/es\/wp-json\/wp\/v2\/comments?post=362"}],"version-history":[{"count":1,"href":"https:\/\/www.pauloramalho.com\/es\/wp-json\/wp\/v2\/posts\/362\/revisions"}],"predecessor-version":[{"id":4106,"href":"https:\/\/www.pauloramalho.com\/es\/wp-json\/wp\/v2\/posts\/362\/revisions\/4106"}],"wp:featuredmedia":[{"embeddable":true,"href":"https:\/\/www.pauloramalho.com\/es\/wp-json\/wp\/v2\/media\/519"}],"wp:attachment":[{"href":"https:\/\/www.pauloramalho.com\/es\/wp-json\/wp\/v2\/media?parent=362"}],"wp:term":[{"taxonomy":"category","embeddable":true,"href":"https:\/\/www.pauloramalho.com\/es\/wp-json\/wp\/v2\/categories?post=362"},{"taxonomy":"post_tag","embeddable":true,"href":"https:\/\/www.pauloramalho.com\/es\/wp-json\/wp\/v2\/tags?post=362"}],"curies":[{"name":"wp","href":"https:\/\/api.w.org\/{rel}","templated":true}]}}