{"id":4423,"date":"2018-06-01T20:38:44","date_gmt":"2018-06-01T18:38:44","guid":{"rendered":"https:\/\/www.pauloramalho.com\/?p=4423"},"modified":"2020-11-02T15:23:21","modified_gmt":"2020-11-02T13:23:21","slug":"fotografias-ferpiel","status":"publish","type":"post","link":"https:\/\/www.pauloramalho.com\/es\/fotografias-ferpiel\/","title":{"rendered":"Fotograf\u00edas Ferpiel"},"content":{"rendered":"\n<p><strong>Fotograf\u00edas de interiores<\/strong> y personal para cat\u00e1logo promocional de la empresa Ferpiel. Ferpiel es una f\u00e1brica de art\u00edculos en piel de Ubrique con sede en Sevilla.<\/p>\n\n\n\n<div style=\"height:39px\" aria-hidden=\"true\" class=\"wp-block-spacer\"><\/div>\n\n\n\n<figure class=\"wp-block-gallery columns-1 is-cropped wp-block-gallery-1 is-layout-flex wp-block-gallery-is-layout-flex\"><ul class=\"blocks-gallery-grid\"><li class=\"blocks-gallery-item\"><figure><a href=\"https:\/\/www.pauloramalho.com\/wp-content\/uploads\/2020\/10\/fotografo-empresas-interiores01.jpg\"><img loading=\"lazy\" decoding=\"async\" width=\"1920\" height=\"1278\" src=\"https:\/\/www.pauloramalho.com\/wp-content\/uploads\/2020\/10\/fotografo-empresas-interiores01-1920x1278.jpg\" alt=\"\" data-id=\"4424\" data-full-url=\"https:\/\/www.pauloramalho.com\/wp-content\/uploads\/2020\/10\/fotografo-empresas-interiores01.jpg\" data-link=\"https:\/\/www.pauloramalho.com\/?attachment_id=4424\" class=\"wp-image-4424\" srcset=\"https:\/\/www.pauloramalho.com\/wp-content\/uploads\/2020\/10\/fotografo-empresas-interiores01-1920x1278.jpg 1920w, https:\/\/www.pauloramalho.com\/wp-content\/uploads\/2020\/10\/fotografo-empresas-interiores01-800x532.jpg 800w, https:\/\/www.pauloramalho.com\/wp-content\/uploads\/2020\/10\/fotografo-empresas-interiores01-768x511.jpg 768w, https:\/\/www.pauloramalho.com\/wp-content\/uploads\/2020\/10\/fotografo-empresas-interiores01-1536x1022.jpg 1536w, https:\/\/www.pauloramalho.com\/wp-content\/uploads\/2020\/10\/fotografo-empresas-interiores01.jpg 2048w\" sizes=\"auto, (max-width: 1920px) 100vw, 1920px\" \/><\/a><\/figure><\/li><li class=\"blocks-gallery-item\"><figure><a href=\"https:\/\/www.pauloramalho.com\/wp-content\/uploads\/2020\/10\/fotografo-empresas-interiores02.jpg\"><img loading=\"lazy\" decoding=\"async\" width=\"1920\" height=\"1278\" src=\"https:\/\/www.pauloramalho.com\/wp-content\/uploads\/2020\/10\/fotografo-empresas-interiores02-1920x1278.jpg\" alt=\"\" data-id=\"4426\" data-full-url=\"https:\/\/www.pauloramalho.com\/wp-content\/uploads\/2020\/10\/fotografo-empresas-interiores02.jpg\" data-link=\"https:\/\/www.pauloramalho.com\/?attachment_id=4426\" class=\"wp-image-4426\" srcset=\"https:\/\/www.pauloramalho.com\/wp-content\/uploads\/2020\/10\/fotografo-empresas-interiores02-1920x1278.jpg 1920w, https:\/\/www.pauloramalho.com\/wp-content\/uploads\/2020\/10\/fotografo-empresas-interiores02-800x532.jpg 800w, https:\/\/www.pauloramalho.com\/wp-content\/uploads\/2020\/10\/fotografo-empresas-interiores02-768x511.jpg 768w, https:\/\/www.pauloramalho.com\/wp-content\/uploads\/2020\/10\/fotografo-empresas-interiores02-1536x1022.jpg 1536w, https:\/\/www.pauloramalho.com\/wp-content\/uploads\/2020\/10\/fotografo-empresas-interiores02.jpg 2048w\" sizes=\"auto, (max-width: 1920px) 100vw, 1920px\" \/><\/a><\/figure><\/li><li class=\"blocks-gallery-item\"><figure><a href=\"https:\/\/www.pauloramalho.com\/wp-content\/uploads\/2020\/10\/fotografo-empresas-interiores03.jpg\"><img loading=\"lazy\" decoding=\"async\" width=\"1920\" height=\"1278\" src=\"https:\/\/www.pauloramalho.com\/wp-content\/uploads\/2020\/10\/fotografo-empresas-interiores03-1920x1278.jpg\" alt=\"\" data-id=\"4428\" data-full-url=\"https:\/\/www.pauloramalho.com\/wp-content\/uploads\/2020\/10\/fotografo-empresas-interiores03.jpg\" data-link=\"https:\/\/www.pauloramalho.com\/?attachment_id=4428\" class=\"wp-image-4428\" srcset=\"https:\/\/www.pauloramalho.com\/wp-content\/uploads\/2020\/10\/fotografo-empresas-interiores03-1920x1278.jpg 1920w, https:\/\/www.pauloramalho.com\/wp-content\/uploads\/2020\/10\/fotografo-empresas-interiores03-800x532.jpg 800w, https:\/\/www.pauloramalho.com\/wp-content\/uploads\/2020\/10\/fotografo-empresas-interiores03-768x511.jpg 768w, https:\/\/www.pauloramalho.com\/wp-content\/uploads\/2020\/10\/fotografo-empresas-interiores03-1536x1022.jpg 1536w, https:\/\/www.pauloramalho.com\/wp-content\/uploads\/2020\/10\/fotografo-empresas-interiores03.jpg 2048w\" sizes=\"auto, (max-width: 1920px) 100vw, 1920px\" \/><\/a><\/figure><\/li><li class=\"blocks-gallery-item\"><figure><a href=\"https:\/\/www.pauloramalho.com\/wp-content\/uploads\/2020\/10\/fotografo-empresas-interiores04.jpg\"><img loading=\"lazy\" decoding=\"async\" width=\"1920\" height=\"1278\" src=\"https:\/\/www.pauloramalho.com\/wp-content\/uploads\/2020\/10\/fotografo-empresas-interiores04-1920x1278.jpg\" alt=\"\" data-id=\"4430\" data-full-url=\"https:\/\/www.pauloramalho.com\/wp-content\/uploads\/2020\/10\/fotografo-empresas-interiores04.jpg\" data-link=\"https:\/\/www.pauloramalho.com\/?attachment_id=4430\" class=\"wp-image-4430\" srcset=\"https:\/\/www.pauloramalho.com\/wp-content\/uploads\/2020\/10\/fotografo-empresas-interiores04-1920x1278.jpg 1920w, https:\/\/www.pauloramalho.com\/wp-content\/uploads\/2020\/10\/fotografo-empresas-interiores04-800x532.jpg 800w, https:\/\/www.pauloramalho.com\/wp-content\/uploads\/2020\/10\/fotografo-empresas-interiores04-768x511.jpg 768w, https:\/\/www.pauloramalho.com\/wp-content\/uploads\/2020\/10\/fotografo-empresas-interiores04-1536x1022.jpg 1536w, https:\/\/www.pauloramalho.com\/wp-content\/uploads\/2020\/10\/fotografo-empresas-interiores04.jpg 2048w\" sizes=\"auto, (max-width: 1920px) 100vw, 1920px\" \/><\/a><\/figure><\/li><li class=\"blocks-gallery-item\"><figure><a href=\"https:\/\/www.pauloramalho.com\/wp-content\/uploads\/2020\/10\/fotografo-empresas-interiores05.jpg\"><img loading=\"lazy\" decoding=\"async\" width=\"1920\" height=\"1278\" src=\"https:\/\/www.pauloramalho.com\/wp-content\/uploads\/2020\/10\/fotografo-empresas-interiores05-1920x1278.jpg\" alt=\"\" data-id=\"4432\" data-full-url=\"https:\/\/www.pauloramalho.com\/wp-content\/uploads\/2020\/10\/fotografo-empresas-interiores05.jpg\" data-link=\"https:\/\/www.pauloramalho.com\/?attachment_id=4432\" class=\"wp-image-4432\" srcset=\"https:\/\/www.pauloramalho.com\/wp-content\/uploads\/2020\/10\/fotografo-empresas-interiores05-1920x1278.jpg 1920w, https:\/\/www.pauloramalho.com\/wp-content\/uploads\/2020\/10\/fotografo-empresas-interiores05-800x532.jpg 800w, https:\/\/www.pauloramalho.com\/wp-content\/uploads\/2020\/10\/fotografo-empresas-interiores05-768x511.jpg 768w, https:\/\/www.pauloramalho.com\/wp-content\/uploads\/2020\/10\/fotografo-empresas-interiores05-1536x1022.jpg 1536w, https:\/\/www.pauloramalho.com\/wp-content\/uploads\/2020\/10\/fotografo-empresas-interiores05.jpg 2048w\" sizes=\"auto, (max-width: 1920px) 100vw, 1920px\" \/><\/a><\/figure><\/li><li class=\"blocks-gallery-item\"><figure><a href=\"https:\/\/www.pauloramalho.com\/wp-content\/uploads\/2020\/10\/fotografo-empresas-interiores06.jpg\"><img loading=\"lazy\" decoding=\"async\" width=\"1920\" height=\"1278\" src=\"https:\/\/www.pauloramalho.com\/wp-content\/uploads\/2020\/10\/fotografo-empresas-interiores06-1920x1278.jpg\" alt=\"\" data-id=\"4434\" data-full-url=\"https:\/\/www.pauloramalho.com\/wp-content\/uploads\/2020\/10\/fotografo-empresas-interiores06.jpg\" data-link=\"https:\/\/www.pauloramalho.com\/?attachment_id=4434\" class=\"wp-image-4434\" srcset=\"https:\/\/www.pauloramalho.com\/wp-content\/uploads\/2020\/10\/fotografo-empresas-interiores06-1920x1278.jpg 1920w, https:\/\/www.pauloramalho.com\/wp-content\/uploads\/2020\/10\/fotografo-empresas-interiores06-800x532.jpg 800w, https:\/\/www.pauloramalho.com\/wp-content\/uploads\/2020\/10\/fotografo-empresas-interiores06-768x511.jpg 768w, https:\/\/www.pauloramalho.com\/wp-content\/uploads\/2020\/10\/fotografo-empresas-interiores06-1536x1022.jpg 1536w, https:\/\/www.pauloramalho.com\/wp-content\/uploads\/2020\/10\/fotografo-empresas-interiores06.jpg 2048w\" sizes=\"auto, (max-width: 1920px) 100vw, 1920px\" \/><\/a><\/figure><\/li><li class=\"blocks-gallery-item\"><figure><a href=\"https:\/\/www.pauloramalho.com\/wp-content\/uploads\/2020\/10\/fotografo-empresas-interiores07.jpg\"><img loading=\"lazy\" decoding=\"async\" width=\"1920\" height=\"1278\" src=\"https:\/\/www.pauloramalho.com\/wp-content\/uploads\/2020\/10\/fotografo-empresas-interiores07-1920x1278.jpg\" alt=\"\" data-id=\"4436\" data-full-url=\"https:\/\/www.pauloramalho.com\/wp-content\/uploads\/2020\/10\/fotografo-empresas-interiores07.jpg\" data-link=\"https:\/\/www.pauloramalho.com\/?attachment_id=4436\" class=\"wp-image-4436\" srcset=\"https:\/\/www.pauloramalho.com\/wp-content\/uploads\/2020\/10\/fotografo-empresas-interiores07-1920x1278.jpg 1920w, https:\/\/www.pauloramalho.com\/wp-content\/uploads\/2020\/10\/fotografo-empresas-interiores07-800x532.jpg 800w, https:\/\/www.pauloramalho.com\/wp-content\/uploads\/2020\/10\/fotografo-empresas-interiores07-768x511.jpg 768w, https:\/\/www.pauloramalho.com\/wp-content\/uploads\/2020\/10\/fotografo-empresas-interiores07-1536x1022.jpg 1536w, https:\/\/www.pauloramalho.com\/wp-content\/uploads\/2020\/10\/fotografo-empresas-interiores07.jpg 2048w\" sizes=\"auto, (max-width: 1920px) 100vw, 1920px\" \/><\/a><\/figure><\/li><li class=\"blocks-gallery-item\"><figure><a href=\"https:\/\/www.pauloramalho.com\/wp-content\/uploads\/2020\/10\/fotografo-empresas-interiores08.jpg\"><img loading=\"lazy\" decoding=\"async\" width=\"1920\" height=\"1278\" src=\"https:\/\/www.pauloramalho.com\/wp-content\/uploads\/2020\/10\/fotografo-empresas-interiores08-1920x1278.jpg\" alt=\"\" data-id=\"4438\" data-full-url=\"https:\/\/www.pauloramalho.com\/wp-content\/uploads\/2020\/10\/fotografo-empresas-interiores08.jpg\" data-link=\"https:\/\/www.pauloramalho.com\/?attachment_id=4438\" class=\"wp-image-4438\" srcset=\"https:\/\/www.pauloramalho.com\/wp-content\/uploads\/2020\/10\/fotografo-empresas-interiores08-1920x1278.jpg 1920w, https:\/\/www.pauloramalho.com\/wp-content\/uploads\/2020\/10\/fotografo-empresas-interiores08-800x532.jpg 800w, https:\/\/www.pauloramalho.com\/wp-content\/uploads\/2020\/10\/fotografo-empresas-interiores08-768x511.jpg 768w, https:\/\/www.pauloramalho.com\/wp-content\/uploads\/2020\/10\/fotografo-empresas-interiores08-1536x1022.jpg 1536w, https:\/\/www.pauloramalho.com\/wp-content\/uploads\/2020\/10\/fotografo-empresas-interiores08.jpg 2048w\" sizes=\"auto, (max-width: 1920px) 100vw, 1920px\" \/><\/a><\/figure><\/li><li class=\"blocks-gallery-item\"><figure><a href=\"https:\/\/www.pauloramalho.com\/wp-content\/uploads\/2020\/10\/fotografo-empresas-interiores09.jpg\"><img loading=\"lazy\" decoding=\"async\" width=\"1920\" height=\"1278\" src=\"https:\/\/www.pauloramalho.com\/wp-content\/uploads\/2020\/10\/fotografo-empresas-interiores09-1920x1278.jpg\" alt=\"\" data-id=\"4440\" data-full-url=\"https:\/\/www.pauloramalho.com\/wp-content\/uploads\/2020\/10\/fotografo-empresas-interiores09.jpg\" data-link=\"https:\/\/www.pauloramalho.com\/?attachment_id=4440\" class=\"wp-image-4440\" srcset=\"https:\/\/www.pauloramalho.com\/wp-content\/uploads\/2020\/10\/fotografo-empresas-interiores09-1920x1278.jpg 1920w, https:\/\/www.pauloramalho.com\/wp-content\/uploads\/2020\/10\/fotografo-empresas-interiores09-800x532.jpg 800w, https:\/\/www.pauloramalho.com\/wp-content\/uploads\/2020\/10\/fotografo-empresas-interiores09-768x511.jpg 768w, https:\/\/www.pauloramalho.com\/wp-content\/uploads\/2020\/10\/fotografo-empresas-interiores09-1536x1022.jpg 1536w, https:\/\/www.pauloramalho.com\/wp-content\/uploads\/2020\/10\/fotografo-empresas-interiores09.jpg 2048w\" sizes=\"auto, (max-width: 1920px) 100vw, 1920px\" \/><\/a><\/figure><\/li><li class=\"blocks-gallery-item\"><figure><a href=\"https:\/\/www.pauloramalho.com\/wp-content\/uploads\/2020\/10\/fotografo-empresas-interiores10.jpg\"><img loading=\"lazy\" decoding=\"async\" width=\"1920\" height=\"1278\" src=\"https:\/\/www.pauloramalho.com\/wp-content\/uploads\/2020\/10\/fotografo-empresas-interiores10-1920x1278.jpg\" alt=\"\" data-id=\"4442\" data-full-url=\"https:\/\/www.pauloramalho.com\/wp-content\/uploads\/2020\/10\/fotografo-empresas-interiores10.jpg\" data-link=\"https:\/\/www.pauloramalho.com\/?attachment_id=4442\" class=\"wp-image-4442\" srcset=\"https:\/\/www.pauloramalho.com\/wp-content\/uploads\/2020\/10\/fotografo-empresas-interiores10-1920x1278.jpg 1920w, https:\/\/www.pauloramalho.com\/wp-content\/uploads\/2020\/10\/fotografo-empresas-interiores10-800x532.jpg 800w, https:\/\/www.pauloramalho.com\/wp-content\/uploads\/2020\/10\/fotografo-empresas-interiores10-768x511.jpg 768w, https:\/\/www.pauloramalho.com\/wp-content\/uploads\/2020\/10\/fotografo-empresas-interiores10-1536x1022.jpg 1536w, https:\/\/www.pauloramalho.com\/wp-content\/uploads\/2020\/10\/fotografo-empresas-interiores10.jpg 2048w\" sizes=\"auto, (max-width: 1920px) 100vw, 1920px\" \/><\/a><\/figure><\/li><li class=\"blocks-gallery-item\"><figure><a href=\"https:\/\/www.pauloramalho.com\/wp-content\/uploads\/2020\/10\/fotografo-empresas-interiores11.jpg\"><img loading=\"lazy\" decoding=\"async\" width=\"1920\" height=\"1278\" src=\"https:\/\/www.pauloramalho.com\/wp-content\/uploads\/2020\/10\/fotografo-empresas-interiores11-1920x1278.jpg\" alt=\"\" data-id=\"4444\" data-full-url=\"https:\/\/www.pauloramalho.com\/wp-content\/uploads\/2020\/10\/fotografo-empresas-interiores11.jpg\" data-link=\"https:\/\/www.pauloramalho.com\/?attachment_id=4444\" class=\"wp-image-4444\" srcset=\"https:\/\/www.pauloramalho.com\/wp-content\/uploads\/2020\/10\/fotografo-empresas-interiores11-1920x1278.jpg 1920w, https:\/\/www.pauloramalho.com\/wp-content\/uploads\/2020\/10\/fotografo-empresas-interiores11-800x532.jpg 800w, https:\/\/www.pauloramalho.com\/wp-content\/uploads\/2020\/10\/fotografo-empresas-interiores11-768x511.jpg 768w, https:\/\/www.pauloramalho.com\/wp-content\/uploads\/2020\/10\/fotografo-empresas-interiores11-1536x1022.jpg 1536w, https:\/\/www.pauloramalho.com\/wp-content\/uploads\/2020\/10\/fotografo-empresas-interiores11.jpg 2048w\" sizes=\"auto, (max-width: 1920px) 100vw, 1920px\" \/><\/a><\/figure><\/li><\/ul><\/figure>\n","protected":false},"excerpt":{"rendered":"<p>Fotograf\u00edas de interiores y personal para cat\u00e1logo promocional de la empresa Ferpiel. Ferpiel es una f\u00e1brica de art\u00edculos en piel de Ubrique con sede en Sevilla.<\/p>\n","protected":false},"author":1,"featured_media":4432,"comment_status":"open","ping_status":"open","sticky":false,"template":"","format":"standard","meta":{"footnotes":""},"categories":[39],"tags":[],"class_list":["post-4423","post","type-post","status-publish","format-standard","has-post-thumbnail","hentry","category-publicidad"],"yoast_head":"<!-- This site is optimized with the Yoast SEO plugin v27.5 - https:\/\/yoast.com\/product\/yoast-seo-wordpress\/ -->\n<title>Fotograf\u00edas Ferpiel | PAULO RAMALHO Photography<\/title>\n<meta name=\"robots\" content=\"index, follow, max-snippet:-1, max-image-preview:large, max-video-preview:-1\" \/>\n<link rel=\"canonical\" href=\"https:\/\/www.pauloramalho.com\/es\/fotografias-ferpiel\/\" \/>\n<meta property=\"og:locale\" content=\"es_ES\" \/>\n<meta property=\"og:type\" content=\"article\" \/>\n<meta property=\"og:title\" content=\"Fotograf\u00edas Ferpiel | PAULO RAMALHO Photography\" \/>\n<meta property=\"og:description\" content=\"Fotograf\u00edas de interiores y personal para cat\u00e1logo promocional de la empresa Ferpiel. Ferpiel es una f\u00e1brica de art\u00edculos en piel de Ubrique con sede en Sevilla.\" \/>\n<meta property=\"og:url\" content=\"https:\/\/www.pauloramalho.com\/es\/fotografias-ferpiel\/\" \/>\n<meta property=\"og:site_name\" content=\"PAULO RAMALHO Photography\" \/>\n<meta property=\"article:publisher\" content=\"https:\/\/www.facebook.com\/pauloramalhophotography\/\" \/>\n<meta property=\"article:published_time\" content=\"2018-06-01T18:38:44+00:00\" \/>\n<meta property=\"article:modified_time\" content=\"2020-11-02T13:23:21+00:00\" \/>\n<meta property=\"og:image\" content=\"https:\/\/www.pauloramalho.com\/wp-content\/uploads\/2020\/10\/fotografo-empresas-interiores05.jpg\" \/>\n\t<meta property=\"og:image:width\" content=\"2048\" \/>\n\t<meta property=\"og:image:height\" content=\"1363\" \/>\n\t<meta property=\"og:image:type\" content=\"image\/jpeg\" \/>\n<meta name=\"author\" content=\"Paulo Ramalho\" \/>\n<meta name=\"twitter:card\" content=\"summary_large_image\" \/>\n<meta name=\"twitter:label1\" content=\"Escrito por\" \/>\n\t<meta name=\"twitter:data1\" content=\"Paulo Ramalho\" \/>\n<script type=\"application\/ld+json\" class=\"yoast-schema-graph\">{\"@context\":\"https:\\\/\\\/schema.org\",\"@graph\":[{\"@type\":\"Article\",\"@id\":\"https:\\\/\\\/www.pauloramalho.com\\\/es\\\/fotografias-ferpiel\\\/#article\",\"isPartOf\":{\"@id\":\"https:\\\/\\\/www.pauloramalho.com\\\/es\\\/fotografias-ferpiel\\\/\"},\"author\":{\"name\":\"Paulo Ramalho\",\"@id\":\"https:\\\/\\\/www.pauloramalho.com\\\/#\\\/schema\\\/person\\\/8b1d9bed4f1be517c299740316a1a43a\"},\"headline\":\"Fotograf\u00edas Ferpiel\",\"datePublished\":\"2018-06-01T18:38:44+00:00\",\"dateModified\":\"2020-11-02T13:23:21+00:00\",\"mainEntityOfPage\":{\"@id\":\"https:\\\/\\\/www.pauloramalho.com\\\/es\\\/fotografias-ferpiel\\\/\"},\"wordCount\":33,\"commentCount\":0,\"publisher\":{\"@id\":\"https:\\\/\\\/www.pauloramalho.com\\\/#organization\"},\"image\":{\"@id\":\"https:\\\/\\\/www.pauloramalho.com\\\/es\\\/fotografias-ferpiel\\\/#primaryimage\"},\"thumbnailUrl\":\"https:\\\/\\\/www.pauloramalho.com\\\/wp-content\\\/uploads\\\/2020\\\/10\\\/fotografo-empresas-interiores05.jpg\",\"articleSection\":[\"Publicidad\"],\"inLanguage\":\"es\",\"potentialAction\":[{\"@type\":\"CommentAction\",\"name\":\"Comment\",\"target\":[\"https:\\\/\\\/www.pauloramalho.com\\\/es\\\/fotografias-ferpiel\\\/#respond\"]}]},{\"@type\":\"WebPage\",\"@id\":\"https:\\\/\\\/www.pauloramalho.com\\\/es\\\/fotografias-ferpiel\\\/\",\"url\":\"https:\\\/\\\/www.pauloramalho.com\\\/es\\\/fotografias-ferpiel\\\/\",\"name\":\"Fotograf\u00edas Ferpiel | PAULO RAMALHO Photography\",\"isPartOf\":{\"@id\":\"https:\\\/\\\/www.pauloramalho.com\\\/#website\"},\"primaryImageOfPage\":{\"@id\":\"https:\\\/\\\/www.pauloramalho.com\\\/es\\\/fotografias-ferpiel\\\/#primaryimage\"},\"image\":{\"@id\":\"https:\\\/\\\/www.pauloramalho.com\\\/es\\\/fotografias-ferpiel\\\/#primaryimage\"},\"thumbnailUrl\":\"https:\\\/\\\/www.pauloramalho.com\\\/wp-content\\\/uploads\\\/2020\\\/10\\\/fotografo-empresas-interiores05.jpg\",\"datePublished\":\"2018-06-01T18:38:44+00:00\",\"dateModified\":\"2020-11-02T13:23:21+00:00\",\"breadcrumb\":{\"@id\":\"https:\\\/\\\/www.pauloramalho.com\\\/es\\\/fotografias-ferpiel\\\/#breadcrumb\"},\"inLanguage\":\"es\",\"potentialAction\":[{\"@type\":\"ReadAction\",\"target\":[\"https:\\\/\\\/www.pauloramalho.com\\\/es\\\/fotografias-ferpiel\\\/\"]}]},{\"@type\":\"ImageObject\",\"inLanguage\":\"es\",\"@id\":\"https:\\\/\\\/www.pauloramalho.com\\\/es\\\/fotografias-ferpiel\\\/#primaryimage\",\"url\":\"https:\\\/\\\/www.pauloramalho.com\\\/wp-content\\\/uploads\\\/2020\\\/10\\\/fotografo-empresas-interiores05.jpg\",\"contentUrl\":\"https:\\\/\\\/www.pauloramalho.com\\\/wp-content\\\/uploads\\\/2020\\\/10\\\/fotografo-empresas-interiores05.jpg\",\"width\":2048,\"height\":1363},{\"@type\":\"BreadcrumbList\",\"@id\":\"https:\\\/\\\/www.pauloramalho.com\\\/es\\\/fotografias-ferpiel\\\/#breadcrumb\",\"itemListElement\":[{\"@type\":\"ListItem\",\"position\":1,\"name\":\"Inicio\",\"item\":\"https:\\\/\\\/www.pauloramalho.com\\\/es\\\/\"},{\"@type\":\"ListItem\",\"position\":2,\"name\":\"Publicidad\",\"item\":\"https:\\\/\\\/www.pauloramalho.com\\\/es\\\/category\\\/publicidad\\\/\"},{\"@type\":\"ListItem\",\"position\":3,\"name\":\"Fotograf\u00edas Ferpiel\"}]},{\"@type\":\"WebSite\",\"@id\":\"https:\\\/\\\/www.pauloramalho.com\\\/#website\",\"url\":\"https:\\\/\\\/www.pauloramalho.com\\\/\",\"name\":\"PAULO RAMALHO Photography\",\"description\":\"Fotograf\u00eda comercial &amp; reportaje fotogr\u00e1fico\",\"publisher\":{\"@id\":\"https:\\\/\\\/www.pauloramalho.com\\\/#organization\"},\"potentialAction\":[{\"@type\":\"SearchAction\",\"target\":{\"@type\":\"EntryPoint\",\"urlTemplate\":\"https:\\\/\\\/www.pauloramalho.com\\\/?s={search_term_string}\"},\"query-input\":{\"@type\":\"PropertyValueSpecification\",\"valueRequired\":true,\"valueName\":\"search_term_string\"}}],\"inLanguage\":\"es\"},{\"@type\":\"Organization\",\"@id\":\"https:\\\/\\\/www.pauloramalho.com\\\/#organization\",\"name\":\"Paulo Ramalho fotograf\u00eda\",\"url\":\"https:\\\/\\\/www.pauloramalho.com\\\/\",\"logo\":{\"@type\":\"ImageObject\",\"inLanguage\":\"es\",\"@id\":\"https:\\\/\\\/www.pauloramalho.com\\\/#\\\/schema\\\/logo\\\/image\\\/\",\"url\":\"https:\\\/\\\/www.pauloramalho.com\\\/wp-content\\\/uploads\\\/2022\\\/06\\\/logo-paulo-ramalho-photography.png\",\"contentUrl\":\"https:\\\/\\\/www.pauloramalho.com\\\/wp-content\\\/uploads\\\/2022\\\/06\\\/logo-paulo-ramalho-photography.png\",\"width\":531,\"height\":60,\"caption\":\"Paulo Ramalho fotograf\u00eda\"},\"image\":{\"@id\":\"https:\\\/\\\/www.pauloramalho.com\\\/#\\\/schema\\\/logo\\\/image\\\/\"},\"sameAs\":[\"https:\\\/\\\/www.facebook.com\\\/pauloramalhophotography\\\/\",\"https:\\\/\\\/www.instagram.com\\\/pauloramalho_photo\\\/\",\"https:\\\/\\\/www.linkedin.com\\\/in\\\/pauloramalho\\\/\"]},{\"@type\":\"Person\",\"@id\":\"https:\\\/\\\/www.pauloramalho.com\\\/#\\\/schema\\\/person\\\/8b1d9bed4f1be517c299740316a1a43a\",\"name\":\"Paulo Ramalho\",\"image\":{\"@type\":\"ImageObject\",\"inLanguage\":\"es\",\"@id\":\"https:\\\/\\\/secure.gravatar.com\\\/avatar\\\/82e7a093afde1e8b7463b925afeb736fb8b90e85bc1c6f221009df300198b66c?s=96&d=mm&r=g\",\"url\":\"https:\\\/\\\/secure.gravatar.com\\\/avatar\\\/82e7a093afde1e8b7463b925afeb736fb8b90e85bc1c6f221009df300198b66c?s=96&d=mm&r=g\",\"contentUrl\":\"https:\\\/\\\/secure.gravatar.com\\\/avatar\\\/82e7a093afde1e8b7463b925afeb736fb8b90e85bc1c6f221009df300198b66c?s=96&d=mm&r=g\",\"caption\":\"Paulo Ramalho\"},\"sameAs\":[\"https:\\\/\\\/www.pauloramalho.com\"],\"url\":\"https:\\\/\\\/www.pauloramalho.com\\\/es\\\/author\\\/rickramalho\\\/\"}]}<\/script>\n<!-- \/ Yoast SEO plugin. -->","yoast_head_json":{"title":"Fotograf\u00edas Ferpiel | PAULO RAMALHO Photography","robots":{"index":"index","follow":"follow","max-snippet":"max-snippet:-1","max-image-preview":"max-image-preview:large","max-video-preview":"max-video-preview:-1"},"canonical":"https:\/\/www.pauloramalho.com\/es\/fotografias-ferpiel\/","og_locale":"es_ES","og_type":"article","og_title":"Fotograf\u00edas Ferpiel | PAULO RAMALHO Photography","og_description":"Fotograf\u00edas de interiores y personal para cat\u00e1logo promocional de la empresa Ferpiel. Ferpiel es una f\u00e1brica de art\u00edculos en piel de Ubrique con sede en Sevilla.","og_url":"https:\/\/www.pauloramalho.com\/es\/fotografias-ferpiel\/","og_site_name":"PAULO RAMALHO Photography","article_publisher":"https:\/\/www.facebook.com\/pauloramalhophotography\/","article_published_time":"2018-06-01T18:38:44+00:00","article_modified_time":"2020-11-02T13:23:21+00:00","og_image":[{"width":2048,"height":1363,"url":"https:\/\/www.pauloramalho.com\/wp-content\/uploads\/2020\/10\/fotografo-empresas-interiores05.jpg","type":"image\/jpeg"}],"author":"Paulo Ramalho","twitter_card":"summary_large_image","twitter_misc":{"Escrito por":"Paulo Ramalho"},"schema":{"@context":"https:\/\/schema.org","@graph":[{"@type":"Article","@id":"https:\/\/www.pauloramalho.com\/es\/fotografias-ferpiel\/#article","isPartOf":{"@id":"https:\/\/www.pauloramalho.com\/es\/fotografias-ferpiel\/"},"author":{"name":"Paulo Ramalho","@id":"https:\/\/www.pauloramalho.com\/#\/schema\/person\/8b1d9bed4f1be517c299740316a1a43a"},"headline":"Fotograf\u00edas Ferpiel","datePublished":"2018-06-01T18:38:44+00:00","dateModified":"2020-11-02T13:23:21+00:00","mainEntityOfPage":{"@id":"https:\/\/www.pauloramalho.com\/es\/fotografias-ferpiel\/"},"wordCount":33,"commentCount":0,"publisher":{"@id":"https:\/\/www.pauloramalho.com\/#organization"},"image":{"@id":"https:\/\/www.pauloramalho.com\/es\/fotografias-ferpiel\/#primaryimage"},"thumbnailUrl":"https:\/\/www.pauloramalho.com\/wp-content\/uploads\/2020\/10\/fotografo-empresas-interiores05.jpg","articleSection":["Publicidad"],"inLanguage":"es","potentialAction":[{"@type":"CommentAction","name":"Comment","target":["https:\/\/www.pauloramalho.com\/es\/fotografias-ferpiel\/#respond"]}]},{"@type":"WebPage","@id":"https:\/\/www.pauloramalho.com\/es\/fotografias-ferpiel\/","url":"https:\/\/www.pauloramalho.com\/es\/fotografias-ferpiel\/","name":"Fotograf\u00edas Ferpiel | PAULO RAMALHO Photography","isPartOf":{"@id":"https:\/\/www.pauloramalho.com\/#website"},"primaryImageOfPage":{"@id":"https:\/\/www.pauloramalho.com\/es\/fotografias-ferpiel\/#primaryimage"},"image":{"@id":"https:\/\/www.pauloramalho.com\/es\/fotografias-ferpiel\/#primaryimage"},"thumbnailUrl":"https:\/\/www.pauloramalho.com\/wp-content\/uploads\/2020\/10\/fotografo-empresas-interiores05.jpg","datePublished":"2018-06-01T18:38:44+00:00","dateModified":"2020-11-02T13:23:21+00:00","breadcrumb":{"@id":"https:\/\/www.pauloramalho.com\/es\/fotografias-ferpiel\/#breadcrumb"},"inLanguage":"es","potentialAction":[{"@type":"ReadAction","target":["https:\/\/www.pauloramalho.com\/es\/fotografias-ferpiel\/"]}]},{"@type":"ImageObject","inLanguage":"es","@id":"https:\/\/www.pauloramalho.com\/es\/fotografias-ferpiel\/#primaryimage","url":"https:\/\/www.pauloramalho.com\/wp-content\/uploads\/2020\/10\/fotografo-empresas-interiores05.jpg","contentUrl":"https:\/\/www.pauloramalho.com\/wp-content\/uploads\/2020\/10\/fotografo-empresas-interiores05.jpg","width":2048,"height":1363},{"@type":"BreadcrumbList","@id":"https:\/\/www.pauloramalho.com\/es\/fotografias-ferpiel\/#breadcrumb","itemListElement":[{"@type":"ListItem","position":1,"name":"Inicio","item":"https:\/\/www.pauloramalho.com\/es\/"},{"@type":"ListItem","position":2,"name":"Publicidad","item":"https:\/\/www.pauloramalho.com\/es\/category\/publicidad\/"},{"@type":"ListItem","position":3,"name":"Fotograf\u00edas Ferpiel"}]},{"@type":"WebSite","@id":"https:\/\/www.pauloramalho.com\/#website","url":"https:\/\/www.pauloramalho.com\/","name":"PAULO RAMALHO Photography","description":"Fotograf\u00eda comercial &amp; reportaje fotogr\u00e1fico","publisher":{"@id":"https:\/\/www.pauloramalho.com\/#organization"},"potentialAction":[{"@type":"SearchAction","target":{"@type":"EntryPoint","urlTemplate":"https:\/\/www.pauloramalho.com\/?s={search_term_string}"},"query-input":{"@type":"PropertyValueSpecification","valueRequired":true,"valueName":"search_term_string"}}],"inLanguage":"es"},{"@type":"Organization","@id":"https:\/\/www.pauloramalho.com\/#organization","name":"Paulo Ramalho fotograf\u00eda","url":"https:\/\/www.pauloramalho.com\/","logo":{"@type":"ImageObject","inLanguage":"es","@id":"https:\/\/www.pauloramalho.com\/#\/schema\/logo\/image\/","url":"https:\/\/www.pauloramalho.com\/wp-content\/uploads\/2022\/06\/logo-paulo-ramalho-photography.png","contentUrl":"https:\/\/www.pauloramalho.com\/wp-content\/uploads\/2022\/06\/logo-paulo-ramalho-photography.png","width":531,"height":60,"caption":"Paulo Ramalho fotograf\u00eda"},"image":{"@id":"https:\/\/www.pauloramalho.com\/#\/schema\/logo\/image\/"},"sameAs":["https:\/\/www.facebook.com\/pauloramalhophotography\/","https:\/\/www.instagram.com\/pauloramalho_photo\/","https:\/\/www.linkedin.com\/in\/pauloramalho\/"]},{"@type":"Person","@id":"https:\/\/www.pauloramalho.com\/#\/schema\/person\/8b1d9bed4f1be517c299740316a1a43a","name":"Paulo Ramalho","image":{"@type":"ImageObject","inLanguage":"es","@id":"https:\/\/secure.gravatar.com\/avatar\/82e7a093afde1e8b7463b925afeb736fb8b90e85bc1c6f221009df300198b66c?s=96&d=mm&r=g","url":"https:\/\/secure.gravatar.com\/avatar\/82e7a093afde1e8b7463b925afeb736fb8b90e85bc1c6f221009df300198b66c?s=96&d=mm&r=g","contentUrl":"https:\/\/secure.gravatar.com\/avatar\/82e7a093afde1e8b7463b925afeb736fb8b90e85bc1c6f221009df300198b66c?s=96&d=mm&r=g","caption":"Paulo Ramalho"},"sameAs":["https:\/\/www.pauloramalho.com"],"url":"https:\/\/www.pauloramalho.com\/es\/author\/rickramalho\/"}]}},"_links":{"self":[{"href":"https:\/\/www.pauloramalho.com\/es\/wp-json\/wp\/v2\/posts\/4423","targetHints":{"allow":["GET"]}}],"collection":[{"href":"https:\/\/www.pauloramalho.com\/es\/wp-json\/wp\/v2\/posts"}],"about":[{"href":"https:\/\/www.pauloramalho.com\/es\/wp-json\/wp\/v2\/types\/post"}],"author":[{"embeddable":true,"href":"https:\/\/www.pauloramalho.com\/es\/wp-json\/wp\/v2\/users\/1"}],"replies":[{"embeddable":true,"href":"https:\/\/www.pauloramalho.com\/es\/wp-json\/wp\/v2\/comments?post=4423"}],"version-history":[{"count":3,"href":"https:\/\/www.pauloramalho.com\/es\/wp-json\/wp\/v2\/posts\/4423\/revisions"}],"predecessor-version":[{"id":4448,"href":"https:\/\/www.pauloramalho.com\/es\/wp-json\/wp\/v2\/posts\/4423\/revisions\/4448"}],"wp:featuredmedia":[{"embeddable":true,"href":"https:\/\/www.pauloramalho.com\/es\/wp-json\/wp\/v2\/media\/4432"}],"wp:attachment":[{"href":"https:\/\/www.pauloramalho.com\/es\/wp-json\/wp\/v2\/media?parent=4423"}],"wp:term":[{"taxonomy":"category","embeddable":true,"href":"https:\/\/www.pauloramalho.com\/es\/wp-json\/wp\/v2\/categories?post=4423"},{"taxonomy":"post_tag","embeddable":true,"href":"https:\/\/www.pauloramalho.com\/es\/wp-json\/wp\/v2\/tags?post=4423"}],"curies":[{"name":"wp","href":"https:\/\/api.w.org\/{rel}","templated":true}]}}